{"id":7567,"date":"2025-12-30T13:26:10","date_gmt":"2025-12-30T13:26:10","guid":{"rendered":"https:\/\/www.epra.com.tr\/?post_type=news&#038;p=7567"},"modified":"2026-01-14T14:35:40","modified_gmt":"2026-01-14T14:35:40","slug":"we-are-excited-to-share-the-momentum-of-our-new-clean-energy-themed-project-as-we-approach-the-final-days-of-the-year","status":"publish","type":"news","link":"https:\/\/www.epra.com.tr\/tr\/news\/we-are-excited-to-share-the-momentum-of-our-new-clean-energy-themed-project-as-we-approach-the-final-days-of-the-year\/","title":{"rendered":"Yeni proje: Y\u0131l\u0131n son g\u00fcnlerinde temiz enerji temal\u0131 yeni projemizin heyecan\u0131n\u0131 payla\u015f\u0131yoruz!"},"content":{"rendered":"<p class=\"wp-block-paragraph translation-block\">\u201cAvrupa Ye\u015fil Mutabakat\u0131 I\u015f\u0131\u011f\u0131nda: Herkes i\u00e7in Temiz, Uygun fiyatl\u0131 ve G\u00fcvenli Elektrik\u201d adl\u0131 IPA destekli proje kapsam\u0131nda ELDER taraf\u0131ndan a\u00e7\u0131lan \u201cArz ve talep taraf\u0131na y\u00f6nelik fizibilite ve pilot uygulama\u201d projesinde ELDER\u2019in tercihi EPRA Energy kalitesi oldu.<\/p>\n\n\n\n<p class=\"wp-block-paragraph\">Proje kapsam\u0131nda:<\/p>\n\n\n\n<ul class=\"wp-block-list\">\n<li class=\"translation-block\">Uluslararas\u0131 standartlara uygun ve EDA\u015e\u2019lar taraf\u0131ndan uygulanabilir standart bir \u201cEDA\u015e Kurumsal Karbon Emisyon Hesaplama Metodolojisi\u201d tan\u0131mlanacak;<\/li>\n\n\n\n<li class=\"translation-block\">Tan\u0131mlanacak metodoloji ile pilot EDA\u015e\u2019larda \u201cAnahtar Kaynak Analizleri (Key Resource Analysis)\u201d ile karbon emisyonlar\u0131 hesaplanacak ve bu hesaplamalar\u0131n standardize edilmesi i\u00e7in bir ara\u00e7 geli\u015ftirilecek;<\/li>\n\n\n\n<li class=\"translation-block\">Pilot hanelerde t\u00fcketim profilleri (toplam ve elektrikli cihaz detay\u0131nda) kay\u0131t ve analiz edilerek, pilot hanelerin talep y\u00f6netimi ve enerji verimlili\u011fi potansiyeli ortaya konacak<\/li>\n<\/ul>","protected":false},"excerpt":{"rendered":"<p>Within the scope of the IPA-funded project titled \u201cClean, Affordable and Secure Electricity for All in Light of the European Green Deal\u201d, launched by ELDER under the call \u201cFeasibility and Pilot Applications for the Supply and Demand Side\u201d, ELDER has selected EPRA Energy for its quality and expertise. Within the scope of the project:<\/p>","protected":false},"featured_media":7568,"template":"","meta":{"_acf_changed":false,"footnotes":""},"categories":[96],"class_list":["post-7567","news","type-news","status-publish","has-post-thumbnail","hentry","category-featured"],"acf":[],"yoast_head":"<!-- This site is optimized with the Yoast SEO plugin v28.3 - https:\/\/yoast.com\/product\/yoast-seo-wordpress\/ -->\n<title>New Project: We are excited to share the momentum of our new clean energy\u2013themed project as we approach the final days of the year! - EPRA<\/title>\n<meta name=\"robots\" content=\"index, follow, max-snippet:-1, max-image-preview:large, max-video-preview:-1\" \/>\n<link rel=\"canonical\" href=\"https:\/\/www.epra.com.tr\/tr\/news\/we-are-excited-to-share-the-momentum-of-our-new-clean-energy-themed-project-as-we-approach-the-final-days-of-the-year\/\" \/>\n<meta property=\"og:locale\" content=\"tr_TR\" \/>\n<meta property=\"og:type\" content=\"article\" \/>\n<meta property=\"og:title\" content=\"New Project: We are excited to share the momentum of our new clean energy\u2013themed project as we approach the final days of the year! - EPRA\" \/>\n<meta property=\"og:description\" content=\"Within the scope of the IPA-funded project titled \u201cClean, Affordable and Secure Electricity for All in Light of the European Green Deal\u201d, launched by ELDER under the call \u201cFeasibility and Pilot Applications for the Supply and Demand Side\u201d, ELDER has selected EPRA Energy for its quality and expertise. Within the scope of the project:\" \/>\n<meta property=\"og:url\" content=\"https:\/\/www.epra.com.tr\/tr\/news\/we-are-excited-to-share-the-momentum-of-our-new-clean-energy-themed-project-as-we-approach-the-final-days-of-the-year\/\" \/>\n<meta property=\"og:site_name\" content=\"EPRA\" \/>\n<meta property=\"article:modified_time\" content=\"2026-01-14T14:35:40+00:00\" \/>\n<meta property=\"og:image\" content=\"https:\/\/www.epra.com.tr\/wp-content\/uploads\/2026\/01\/elder_Web.png\" \/>\n\t<meta property=\"og:image:width\" content=\"1366\" \/>\n\t<meta property=\"og:image:height\" content=\"768\" \/>\n\t<meta property=\"og:image:type\" content=\"image\/png\" \/>\n<meta name=\"twitter:card\" content=\"summary_large_image\" \/>\n<meta name=\"twitter:label1\" content=\"Tahmini okuma s\u00fcresi\" \/>\n\t<meta name=\"twitter:data1\" content=\"1 dakika\" \/>\n<script type=\"application\/ld+json\" class=\"yoast-schema-graph\">{\"@context\":\"https:\\\/\\\/schema.org\",\"@graph\":[{\"@type\":\"WebPage\",\"@id\":\"https:\\\/\\\/www.epra.com.tr\\\/news\\\/we-are-excited-to-share-the-momentum-of-our-new-clean-energy-themed-project-as-we-approach-the-final-days-of-the-year\\\/\",\"url\":\"https:\\\/\\\/www.epra.com.tr\\\/news\\\/we-are-excited-to-share-the-momentum-of-our-new-clean-energy-themed-project-as-we-approach-the-final-days-of-the-year\\\/\",\"name\":\"New Project: We are excited to share the momentum of our new clean energy\u2013themed project as we approach the final days of the year! - EPRA\",\"isPartOf\":{\"@id\":\"https:\\\/\\\/www.epra.com.tr\\\/#website\"},\"primaryImageOfPage\":{\"@id\":\"https:\\\/\\\/www.epra.com.tr\\\/news\\\/we-are-excited-to-share-the-momentum-of-our-new-clean-energy-themed-project-as-we-approach-the-final-days-of-the-year\\\/#primaryimage\"},\"image\":{\"@id\":\"https:\\\/\\\/www.epra.com.tr\\\/news\\\/we-are-excited-to-share-the-momentum-of-our-new-clean-energy-themed-project-as-we-approach-the-final-days-of-the-year\\\/#primaryimage\"},\"thumbnailUrl\":\"https:\\\/\\\/www.epra.com.tr\\\/wp-content\\\/uploads\\\/2026\\\/01\\\/elder_Web.png\",\"datePublished\":\"2025-12-30T13:26:10+00:00\",\"dateModified\":\"2026-01-14T14:35:40+00:00\",\"breadcrumb\":{\"@id\":\"https:\\\/\\\/www.epra.com.tr\\\/news\\\/we-are-excited-to-share-the-momentum-of-our-new-clean-energy-themed-project-as-we-approach-the-final-days-of-the-year\\\/#breadcrumb\"},\"inLanguage\":\"tr\",\"potentialAction\":[{\"@type\":\"ReadAction\",\"target\":[\"https:\\\/\\\/www.epra.com.tr\\\/news\\\/we-are-excited-to-share-the-momentum-of-our-new-clean-energy-themed-project-as-we-approach-the-final-days-of-the-year\\\/\"]}]},{\"@type\":\"ImageObject\",\"inLanguage\":\"tr\",\"@id\":\"https:\\\/\\\/www.epra.com.tr\\\/news\\\/we-are-excited-to-share-the-momentum-of-our-new-clean-energy-themed-project-as-we-approach-the-final-days-of-the-year\\\/#primaryimage\",\"url\":\"https:\\\/\\\/www.epra.com.tr\\\/wp-content\\\/uploads\\\/2026\\\/01\\\/elder_Web.png\",\"contentUrl\":\"https:\\\/\\\/www.epra.com.tr\\\/wp-content\\\/uploads\\\/2026\\\/01\\\/elder_Web.png\",\"width\":1366,\"height\":768},{\"@type\":\"BreadcrumbList\",\"@id\":\"https:\\\/\\\/www.epra.com.tr\\\/news\\\/we-are-excited-to-share-the-momentum-of-our-new-clean-energy-themed-project-as-we-approach-the-final-days-of-the-year\\\/#breadcrumb\",\"itemListElement\":[{\"@type\":\"ListItem\",\"position\":1,\"name\":\"Home\",\"item\":\"https:\\\/\\\/www.epra.com.tr\\\/\"},{\"@type\":\"ListItem\",\"position\":2,\"name\":\"News\",\"item\":\"https:\\\/\\\/www.epra.com.tr\\\/tr\\\/news\\\/\"},{\"@type\":\"ListItem\",\"position\":3,\"name\":\"New Project: We are excited to share the momentum of our new clean energy\u2013themed project as we approach the final days of the year!\"}]},{\"@type\":\"WebSite\",\"@id\":\"https:\\\/\\\/www.epra.com.tr\\\/#website\",\"url\":\"https:\\\/\\\/www.epra.com.tr\\\/\",\"name\":\"EPRA\",\"description\":\"Electric, Power, Research, Analysis\",\"publisher\":{\"@id\":\"https:\\\/\\\/www.epra.com.tr\\\/#organization\"},\"potentialAction\":[{\"@type\":\"SearchAction\",\"target\":{\"@type\":\"EntryPoint\",\"urlTemplate\":\"https:\\\/\\\/www.epra.com.tr\\\/?s={search_term_string}\"},\"query-input\":{\"@type\":\"PropertyValueSpecification\",\"valueRequired\":true,\"valueName\":\"search_term_string\"}}],\"inLanguage\":\"tr\"},{\"@type\":\"Organization\",\"@id\":\"https:\\\/\\\/www.epra.com.tr\\\/#organization\",\"name\":\"EPRA\",\"url\":\"https:\\\/\\\/www.epra.com.tr\\\/\",\"logo\":{\"@type\":\"ImageObject\",\"inLanguage\":\"tr\",\"@id\":\"https:\\\/\\\/www.epra.com.tr\\\/#\\\/schema\\\/logo\\\/image\\\/\",\"url\":\"https:\\\/\\\/www.epra.com.tr\\\/wp-content\\\/uploads\\\/2022\\\/12\\\/logo.webp\",\"contentUrl\":\"https:\\\/\\\/www.epra.com.tr\\\/wp-content\\\/uploads\\\/2022\\\/12\\\/logo.webp\",\"width\":172,\"height\":67,\"caption\":\"EPRA\"},\"image\":{\"@id\":\"https:\\\/\\\/www.epra.com.tr\\\/#\\\/schema\\\/logo\\\/image\\\/\"}}]}<\/script>\n<!-- \/ Yoast SEO plugin. -->","yoast_head_json":{"title":"New Project: We are excited to share the momentum of our new clean energy\u2013themed project as we approach the final days of the year! - EPRA","robots":{"index":"index","follow":"follow","max-snippet":"max-snippet:-1","max-image-preview":"max-image-preview:large","max-video-preview":"max-video-preview:-1"},"canonical":"https:\/\/www.epra.com.tr\/tr\/news\/we-are-excited-to-share-the-momentum-of-our-new-clean-energy-themed-project-as-we-approach-the-final-days-of-the-year\/","og_locale":"tr_TR","og_type":"article","og_title":"New Project: We are excited to share the momentum of our new clean energy\u2013themed project as we approach the final days of the year! - EPRA","og_description":"Within the scope of the IPA-funded project titled \u201cClean, Affordable and Secure Electricity for All in Light of the European Green Deal\u201d, launched by ELDER under the call \u201cFeasibility and Pilot Applications for the Supply and Demand Side\u201d, ELDER has selected EPRA Energy for its quality and expertise. Within the scope of the project:","og_url":"https:\/\/www.epra.com.tr\/tr\/news\/we-are-excited-to-share-the-momentum-of-our-new-clean-energy-themed-project-as-we-approach-the-final-days-of-the-year\/","og_site_name":"EPRA","article_modified_time":"2026-01-14T14:35:40+00:00","og_image":[{"width":1366,"height":768,"url":"https:\/\/www.epra.com.tr\/wp-content\/uploads\/2026\/01\/elder_Web.png","type":"image\/png"}],"twitter_card":"summary_large_image","twitter_misc":{"Tahmini okuma s\u00fcresi":"1 dakika"},"schema":{"@context":"https:\/\/schema.org","@graph":[{"@type":"WebPage","@id":"https:\/\/www.epra.com.tr\/news\/we-are-excited-to-share-the-momentum-of-our-new-clean-energy-themed-project-as-we-approach-the-final-days-of-the-year\/","url":"https:\/\/www.epra.com.tr\/news\/we-are-excited-to-share-the-momentum-of-our-new-clean-energy-themed-project-as-we-approach-the-final-days-of-the-year\/","name":"New Project: We are excited to share the momentum of our new clean energy\u2013themed project as we approach the final days of the year! - EPRA","isPartOf":{"@id":"https:\/\/www.epra.com.tr\/#website"},"primaryImageOfPage":{"@id":"https:\/\/www.epra.com.tr\/news\/we-are-excited-to-share-the-momentum-of-our-new-clean-energy-themed-project-as-we-approach-the-final-days-of-the-year\/#primaryimage"},"image":{"@id":"https:\/\/www.epra.com.tr\/news\/we-are-excited-to-share-the-momentum-of-our-new-clean-energy-themed-project-as-we-approach-the-final-days-of-the-year\/#primaryimage"},"thumbnailUrl":"https:\/\/www.epra.com.tr\/wp-content\/uploads\/2026\/01\/elder_Web.png","datePublished":"2025-12-30T13:26:10+00:00","dateModified":"2026-01-14T14:35:40+00:00","breadcrumb":{"@id":"https:\/\/www.epra.com.tr\/news\/we-are-excited-to-share-the-momentum-of-our-new-clean-energy-themed-project-as-we-approach-the-final-days-of-the-year\/#breadcrumb"},"inLanguage":"tr","potentialAction":[{"@type":"ReadAction","target":["https:\/\/www.epra.com.tr\/news\/we-are-excited-to-share-the-momentum-of-our-new-clean-energy-themed-project-as-we-approach-the-final-days-of-the-year\/"]}]},{"@type":"ImageObject","inLanguage":"tr","@id":"https:\/\/www.epra.com.tr\/news\/we-are-excited-to-share-the-momentum-of-our-new-clean-energy-themed-project-as-we-approach-the-final-days-of-the-year\/#primaryimage","url":"https:\/\/www.epra.com.tr\/wp-content\/uploads\/2026\/01\/elder_Web.png","contentUrl":"https:\/\/www.epra.com.tr\/wp-content\/uploads\/2026\/01\/elder_Web.png","width":1366,"height":768},{"@type":"BreadcrumbList","@id":"https:\/\/www.epra.com.tr\/news\/we-are-excited-to-share-the-momentum-of-our-new-clean-energy-themed-project-as-we-approach-the-final-days-of-the-year\/#breadcrumb","itemListElement":[{"@type":"ListItem","position":1,"name":"Home","item":"https:\/\/www.epra.com.tr\/"},{"@type":"ListItem","position":2,"name":"News","item":"https:\/\/www.epra.com.tr\/tr\/news\/"},{"@type":"ListItem","position":3,"name":"New Project: We are excited to share the momentum of our new clean energy\u2013themed project as we approach the final days of the year!"}]},{"@type":"WebSite","@id":"https:\/\/www.epra.com.tr\/#website","url":"https:\/\/www.epra.com.tr\/","name":"EPRA","description":"Electric, Power, Research, Analysis","publisher":{"@id":"https:\/\/www.epra.com.tr\/#organization"},"potentialAction":[{"@type":"SearchAction","target":{"@type":"EntryPoint","urlTemplate":"https:\/\/www.epra.com.tr\/?s={search_term_string}"},"query-input":{"@type":"PropertyValueSpecification","valueRequired":true,"valueName":"search_term_string"}}],"inLanguage":"tr"},{"@type":"Organization","@id":"https:\/\/www.epra.com.tr\/#organization","name":"EPRA","url":"https:\/\/www.epra.com.tr\/","logo":{"@type":"ImageObject","inLanguage":"tr","@id":"https:\/\/www.epra.com.tr\/#\/schema\/logo\/image\/","url":"https:\/\/www.epra.com.tr\/wp-content\/uploads\/2022\/12\/logo.webp","contentUrl":"https:\/\/www.epra.com.tr\/wp-content\/uploads\/2022\/12\/logo.webp","width":172,"height":67,"caption":"EPRA"},"image":{"@id":"https:\/\/www.epra.com.tr\/#\/schema\/logo\/image\/"}}]}},"_links":{"self":[{"href":"https:\/\/www.epra.com.tr\/tr\/wp-json\/wp\/v2\/news\/7567","targetHints":{"allow":["GET"]}}],"collection":[{"href":"https:\/\/www.epra.com.tr\/tr\/wp-json\/wp\/v2\/news"}],"about":[{"href":"https:\/\/www.epra.com.tr\/tr\/wp-json\/wp\/v2\/types\/news"}],"version-history":[{"count":2,"href":"https:\/\/www.epra.com.tr\/tr\/wp-json\/wp\/v2\/news\/7567\/revisions"}],"predecessor-version":[{"id":7576,"href":"https:\/\/www.epra.com.tr\/tr\/wp-json\/wp\/v2\/news\/7567\/revisions\/7576"}],"wp:featuredmedia":[{"embeddable":true,"href":"https:\/\/www.epra.com.tr\/tr\/wp-json\/wp\/v2\/media\/7568"}],"wp:attachment":[{"href":"https:\/\/www.epra.com.tr\/tr\/wp-json\/wp\/v2\/media?parent=7567"}],"wp:term":[{"taxonomy":"category","embeddable":true,"href":"https:\/\/www.epra.com.tr\/tr\/wp-json\/wp\/v2\/categories?post=7567"}],"curies":[{"name":"wp","href":"https:\/\/api.w.org\/{rel}","templated":true}]}}