{"id":7240,"date":"2025-04-25T06:42:41","date_gmt":"2025-04-25T06:42:41","guid":{"rendered":"http:\/\/epra.yenileniyor.com\/?post_type=news&#038;p=7240"},"modified":"2025-05-20T14:47:50","modified_gmt":"2025-05-20T14:47:50","slug":"kick-off-meetings-distribution-grid-modernization-to-increase-distributed-renewables-and-electric-charging-stations","status":"publish","type":"news","link":"https:\/\/www.epra.com.tr\/tr\/news\/kick-off-meetings-distribution-grid-modernization-to-increase-distributed-renewables-and-electric-charging-stations\/","title":{"rendered":"Proje A\u00e7\u0131l\u0131\u015f Toplant\u0131lar\u0131: Da\u011f\u0131t\u0131m \u015eebekesine Ba\u011fl\u0131 Yenilenebilir \u00dcretim Sistemlerinin ve Elektrik \u015earj \u0130stasyonlar\u0131n\u0131n Miktar\u0131n\u0131n Artt\u0131r\u0131lmas\u0131 i\u00e7in Da\u011f\u0131t\u0131m \u015eebekesinin Modernizasyonu"},"content":{"rendered":"<p class=\"wp-block-paragraph\">Arup ve Azerisiq ile birlikte y\u00fcr\u00fctt\u00fc\u011f\u00fcm\u00fcz yeni projemizin ba\u015flang\u0131\u00e7 toplant\u0131lar\u0131n\u0131 ba\u015far\u0131yla ger\u00e7ekle\u015ftirdik. Projemiz, da\u011f\u0131t\u0131m \u015febekesinin modernizasyonu yoluyla yenilenebilir enerji kaynaklar\u0131 ve elektrikli ara\u00e7 \u015farj altyap\u0131s\u0131n\u0131n entegrasyonunu h\u0131zland\u0131rmay\u0131 hedefliyor. \n\nVerimli toplant\u0131lar ve misafirperverlikleri i\u00e7in \u00f6zellikle Aras Bey, Hikmet Bey ve Mubariz Bey\u2019e g\u00f6n\u00fclden te\u015fekk\u00fcr ederiz.<\/p>\n\n\n\n<p class=\"wp-block-paragraph\"><\/p>","protected":false},"excerpt":{"rendered":"<p>Arup ve Azerisiq ile birlikte y\u00fcr\u00fctt\u00fc\u011f\u00fcm\u00fcz yeni projemizin ba\u015flang\u0131\u00e7 toplant\u0131lar\u0131n\u0131 ba\u015far\u0131yla ger\u00e7ekle\u015ftirdik. Projemiz, da\u011f\u0131t\u0131m \u015febekesinin modernizasyonu yoluyla yenilenebilir enerji kaynaklar\u0131 ve elektrikli ara\u00e7 \u015farj altyap\u0131s\u0131n\u0131n entegrasyonunu h\u0131zland\u0131rmay\u0131 hedefliyor. \n\nVerimli toplant\u0131lar ve misafirperverlikleri i\u00e7in \u00f6zellikle Aras Bey, Hikmet Bey ve Mubariz Bey\u2019e g\u00f6n\u00fclden te\u015fekk\u00fcr ederiz.<\/p>","protected":false},"featured_media":7287,"template":"","meta":{"_acf_changed":false,"footnotes":""},"categories":[96],"class_list":["post-7240","news","type-news","status-publish","has-post-thumbnail","hentry","category-featured"],"acf":[],"yoast_head":"<!-- This site is optimized with the Yoast SEO plugin v28.3 - https:\/\/yoast.com\/product\/yoast-seo-wordpress\/ -->\n<title>Kick off Meetings - Distribution Grid Modernization to Increase Distributed Renewables and Electric Charging Stations - EPRA<\/title>\n<meta name=\"robots\" content=\"index, follow, max-snippet:-1, max-image-preview:large, max-video-preview:-1\" \/>\n<link rel=\"canonical\" href=\"https:\/\/www.epra.com.tr\/tr\/news\/kick-off-meetings-distribution-grid-modernization-to-increase-distributed-renewables-and-electric-charging-stations\/\" \/>\n<meta property=\"og:locale\" content=\"tr_TR\" \/>\n<meta property=\"og:type\" content=\"article\" \/>\n<meta property=\"og:title\" content=\"Kick off Meetings - Distribution Grid Modernization to Increase Distributed Renewables and Electric Charging Stations - EPRA\" \/>\n<meta property=\"og:description\" content=\"We performed several meetings in the scope of kick off meetings of our new project with Arup and Azerisiq. Many thanks to Azerisiqi particularly Aras Bey, Hikmet Bey, and Mubariz Bey for the productive meetings and hospitality.\" \/>\n<meta property=\"og:url\" content=\"https:\/\/www.epra.com.tr\/tr\/news\/kick-off-meetings-distribution-grid-modernization-to-increase-distributed-renewables-and-electric-charging-stations\/\" \/>\n<meta property=\"og:site_name\" content=\"EPRA\" \/>\n<meta property=\"article:modified_time\" content=\"2025-05-20T14:47:50+00:00\" \/>\n<meta property=\"og:image\" content=\"https:\/\/www.epra.com.tr\/wp-content\/uploads\/2025\/04\/Arup_websitesi.png\" \/>\n\t<meta property=\"og:image:width\" content=\"1366\" \/>\n\t<meta property=\"og:image:height\" content=\"768\" \/>\n\t<meta property=\"og:image:type\" content=\"image\/png\" \/>\n<meta name=\"twitter:card\" content=\"summary_large_image\" \/>\n<script type=\"application\/ld+json\" class=\"yoast-schema-graph\">{\"@context\":\"https:\\\/\\\/schema.org\",\"@graph\":[{\"@type\":\"WebPage\",\"@id\":\"https:\\\/\\\/www.epra.com.tr\\\/news\\\/kick-off-meetings-distribution-grid-modernization-to-increase-distributed-renewables-and-electric-charging-stations\\\/\",\"url\":\"https:\\\/\\\/www.epra.com.tr\\\/news\\\/kick-off-meetings-distribution-grid-modernization-to-increase-distributed-renewables-and-electric-charging-stations\\\/\",\"name\":\"Kick off Meetings - Distribution Grid Modernization to Increase Distributed Renewables and Electric Charging Stations - EPRA\",\"isPartOf\":{\"@id\":\"https:\\\/\\\/www.epra.com.tr\\\/#website\"},\"primaryImageOfPage\":{\"@id\":\"https:\\\/\\\/www.epra.com.tr\\\/news\\\/kick-off-meetings-distribution-grid-modernization-to-increase-distributed-renewables-and-electric-charging-stations\\\/#primaryimage\"},\"image\":{\"@id\":\"https:\\\/\\\/www.epra.com.tr\\\/news\\\/kick-off-meetings-distribution-grid-modernization-to-increase-distributed-renewables-and-electric-charging-stations\\\/#primaryimage\"},\"thumbnailUrl\":\"https:\\\/\\\/www.epra.com.tr\\\/wp-content\\\/uploads\\\/2025\\\/04\\\/Arup_websitesi.png\",\"datePublished\":\"2025-04-25T06:42:41+00:00\",\"dateModified\":\"2025-05-20T14:47:50+00:00\",\"breadcrumb\":{\"@id\":\"https:\\\/\\\/www.epra.com.tr\\\/news\\\/kick-off-meetings-distribution-grid-modernization-to-increase-distributed-renewables-and-electric-charging-stations\\\/#breadcrumb\"},\"inLanguage\":\"tr\",\"potentialAction\":[{\"@type\":\"ReadAction\",\"target\":[\"https:\\\/\\\/www.epra.com.tr\\\/news\\\/kick-off-meetings-distribution-grid-modernization-to-increase-distributed-renewables-and-electric-charging-stations\\\/\"]}]},{\"@type\":\"ImageObject\",\"inLanguage\":\"tr\",\"@id\":\"https:\\\/\\\/www.epra.com.tr\\\/news\\\/kick-off-meetings-distribution-grid-modernization-to-increase-distributed-renewables-and-electric-charging-stations\\\/#primaryimage\",\"url\":\"https:\\\/\\\/www.epra.com.tr\\\/wp-content\\\/uploads\\\/2025\\\/04\\\/Arup_websitesi.png\",\"contentUrl\":\"https:\\\/\\\/www.epra.com.tr\\\/wp-content\\\/uploads\\\/2025\\\/04\\\/Arup_websitesi.png\",\"width\":1366,\"height\":768},{\"@type\":\"BreadcrumbList\",\"@id\":\"https:\\\/\\\/www.epra.com.tr\\\/news\\\/kick-off-meetings-distribution-grid-modernization-to-increase-distributed-renewables-and-electric-charging-stations\\\/#breadcrumb\",\"itemListElement\":[{\"@type\":\"ListItem\",\"position\":1,\"name\":\"Home\",\"item\":\"https:\\\/\\\/www.epra.com.tr\\\/\"},{\"@type\":\"ListItem\",\"position\":2,\"name\":\"News\",\"item\":\"https:\\\/\\\/www.epra.com.tr\\\/tr\\\/news\\\/\"},{\"@type\":\"ListItem\",\"position\":3,\"name\":\"Kick off Meetings &#8211; Distribution Grid Modernization to Increase Distributed Renewables and Electric Charging Stations\"}]},{\"@type\":\"WebSite\",\"@id\":\"https:\\\/\\\/www.epra.com.tr\\\/#website\",\"url\":\"https:\\\/\\\/www.epra.com.tr\\\/\",\"name\":\"EPRA\",\"description\":\"Electric, Power, Research, Analysis\",\"publisher\":{\"@id\":\"https:\\\/\\\/www.epra.com.tr\\\/#organization\"},\"potentialAction\":[{\"@type\":\"SearchAction\",\"target\":{\"@type\":\"EntryPoint\",\"urlTemplate\":\"https:\\\/\\\/www.epra.com.tr\\\/?s={search_term_string}\"},\"query-input\":{\"@type\":\"PropertyValueSpecification\",\"valueRequired\":true,\"valueName\":\"search_term_string\"}}],\"inLanguage\":\"tr\"},{\"@type\":\"Organization\",\"@id\":\"https:\\\/\\\/www.epra.com.tr\\\/#organization\",\"name\":\"EPRA\",\"url\":\"https:\\\/\\\/www.epra.com.tr\\\/\",\"logo\":{\"@type\":\"ImageObject\",\"inLanguage\":\"tr\",\"@id\":\"https:\\\/\\\/www.epra.com.tr\\\/#\\\/schema\\\/logo\\\/image\\\/\",\"url\":\"https:\\\/\\\/www.epra.com.tr\\\/wp-content\\\/uploads\\\/2022\\\/12\\\/logo.webp\",\"contentUrl\":\"https:\\\/\\\/www.epra.com.tr\\\/wp-content\\\/uploads\\\/2022\\\/12\\\/logo.webp\",\"width\":172,\"height\":67,\"caption\":\"EPRA\"},\"image\":{\"@id\":\"https:\\\/\\\/www.epra.com.tr\\\/#\\\/schema\\\/logo\\\/image\\\/\"}}]}<\/script>\n<!-- \/ Yoast SEO plugin. -->","yoast_head_json":{"title":"Kick off Meetings - Distribution Grid Modernization to Increase Distributed Renewables and Electric Charging Stations - EPRA","robots":{"index":"index","follow":"follow","max-snippet":"max-snippet:-1","max-image-preview":"max-image-preview:large","max-video-preview":"max-video-preview:-1"},"canonical":"https:\/\/www.epra.com.tr\/tr\/news\/kick-off-meetings-distribution-grid-modernization-to-increase-distributed-renewables-and-electric-charging-stations\/","og_locale":"tr_TR","og_type":"article","og_title":"Kick off Meetings - Distribution Grid Modernization to Increase Distributed Renewables and Electric Charging Stations - EPRA","og_description":"We performed several meetings in the scope of kick off meetings of our new project with Arup and Azerisiq. Many thanks to Azerisiqi particularly Aras Bey, Hikmet Bey, and Mubariz Bey for the productive meetings and hospitality.","og_url":"https:\/\/www.epra.com.tr\/tr\/news\/kick-off-meetings-distribution-grid-modernization-to-increase-distributed-renewables-and-electric-charging-stations\/","og_site_name":"EPRA","article_modified_time":"2025-05-20T14:47:50+00:00","og_image":[{"width":1366,"height":768,"url":"https:\/\/www.epra.com.tr\/wp-content\/uploads\/2025\/04\/Arup_websitesi.png","type":"image\/png"}],"twitter_card":"summary_large_image","schema":{"@context":"https:\/\/schema.org","@graph":[{"@type":"WebPage","@id":"https:\/\/www.epra.com.tr\/news\/kick-off-meetings-distribution-grid-modernization-to-increase-distributed-renewables-and-electric-charging-stations\/","url":"https:\/\/www.epra.com.tr\/news\/kick-off-meetings-distribution-grid-modernization-to-increase-distributed-renewables-and-electric-charging-stations\/","name":"Kick off Meetings - Distribution Grid Modernization to Increase Distributed Renewables and Electric Charging Stations - EPRA","isPartOf":{"@id":"https:\/\/www.epra.com.tr\/#website"},"primaryImageOfPage":{"@id":"https:\/\/www.epra.com.tr\/news\/kick-off-meetings-distribution-grid-modernization-to-increase-distributed-renewables-and-electric-charging-stations\/#primaryimage"},"image":{"@id":"https:\/\/www.epra.com.tr\/news\/kick-off-meetings-distribution-grid-modernization-to-increase-distributed-renewables-and-electric-charging-stations\/#primaryimage"},"thumbnailUrl":"https:\/\/www.epra.com.tr\/wp-content\/uploads\/2025\/04\/Arup_websitesi.png","datePublished":"2025-04-25T06:42:41+00:00","dateModified":"2025-05-20T14:47:50+00:00","breadcrumb":{"@id":"https:\/\/www.epra.com.tr\/news\/kick-off-meetings-distribution-grid-modernization-to-increase-distributed-renewables-and-electric-charging-stations\/#breadcrumb"},"inLanguage":"tr","potentialAction":[{"@type":"ReadAction","target":["https:\/\/www.epra.com.tr\/news\/kick-off-meetings-distribution-grid-modernization-to-increase-distributed-renewables-and-electric-charging-stations\/"]}]},{"@type":"ImageObject","inLanguage":"tr","@id":"https:\/\/www.epra.com.tr\/news\/kick-off-meetings-distribution-grid-modernization-to-increase-distributed-renewables-and-electric-charging-stations\/#primaryimage","url":"https:\/\/www.epra.com.tr\/wp-content\/uploads\/2025\/04\/Arup_websitesi.png","contentUrl":"https:\/\/www.epra.com.tr\/wp-content\/uploads\/2025\/04\/Arup_websitesi.png","width":1366,"height":768},{"@type":"BreadcrumbList","@id":"https:\/\/www.epra.com.tr\/news\/kick-off-meetings-distribution-grid-modernization-to-increase-distributed-renewables-and-electric-charging-stations\/#breadcrumb","itemListElement":[{"@type":"ListItem","position":1,"name":"Home","item":"https:\/\/www.epra.com.tr\/"},{"@type":"ListItem","position":2,"name":"News","item":"https:\/\/www.epra.com.tr\/tr\/news\/"},{"@type":"ListItem","position":3,"name":"Kick off Meetings &#8211; Distribution Grid Modernization to Increase Distributed Renewables and Electric Charging Stations"}]},{"@type":"WebSite","@id":"https:\/\/www.epra.com.tr\/#website","url":"https:\/\/www.epra.com.tr\/","name":"EPRA","description":"Electric, Power, Research, Analysis","publisher":{"@id":"https:\/\/www.epra.com.tr\/#organization"},"potentialAction":[{"@type":"SearchAction","target":{"@type":"EntryPoint","urlTemplate":"https:\/\/www.epra.com.tr\/?s={search_term_string}"},"query-input":{"@type":"PropertyValueSpecification","valueRequired":true,"valueName":"search_term_string"}}],"inLanguage":"tr"},{"@type":"Organization","@id":"https:\/\/www.epra.com.tr\/#organization","name":"EPRA","url":"https:\/\/www.epra.com.tr\/","logo":{"@type":"ImageObject","inLanguage":"tr","@id":"https:\/\/www.epra.com.tr\/#\/schema\/logo\/image\/","url":"https:\/\/www.epra.com.tr\/wp-content\/uploads\/2022\/12\/logo.webp","contentUrl":"https:\/\/www.epra.com.tr\/wp-content\/uploads\/2022\/12\/logo.webp","width":172,"height":67,"caption":"EPRA"},"image":{"@id":"https:\/\/www.epra.com.tr\/#\/schema\/logo\/image\/"}}]}},"_links":{"self":[{"href":"https:\/\/www.epra.com.tr\/tr\/wp-json\/wp\/v2\/news\/7240","targetHints":{"allow":["GET"]}}],"collection":[{"href":"https:\/\/www.epra.com.tr\/tr\/wp-json\/wp\/v2\/news"}],"about":[{"href":"https:\/\/www.epra.com.tr\/tr\/wp-json\/wp\/v2\/types\/news"}],"version-history":[{"count":1,"href":"https:\/\/www.epra.com.tr\/tr\/wp-json\/wp\/v2\/news\/7240\/revisions"}],"predecessor-version":[{"id":7241,"href":"https:\/\/www.epra.com.tr\/tr\/wp-json\/wp\/v2\/news\/7240\/revisions\/7241"}],"wp:featuredmedia":[{"embeddable":true,"href":"https:\/\/www.epra.com.tr\/tr\/wp-json\/wp\/v2\/media\/7287"}],"wp:attachment":[{"href":"https:\/\/www.epra.com.tr\/tr\/wp-json\/wp\/v2\/media?parent=7240"}],"wp:term":[{"taxonomy":"category","embeddable":true,"href":"https:\/\/www.epra.com.tr\/tr\/wp-json\/wp\/v2\/categories?post=7240"}],"curies":[{"name":"wp","href":"https:\/\/api.w.org\/{rel}","templated":true}]}}