{"id":6602,"date":"2023-12-27T08:54:53","date_gmt":"2023-12-27T08:54:53","guid":{"rendered":"http:\/\/epra.yenileniyor.com\/?post_type=news&#038;p=6602"},"modified":"2023-12-29T08:56:16","modified_gmt":"2023-12-29T08:56:16","slug":"press-launch-of-the-energy-storage-systems-association-edsis","status":"publish","type":"news","link":"https:\/\/www.epra.com.tr\/tr\/news\/press-launch-of-the-energy-storage-systems-association-edsis\/","title":{"rendered":"Enerji Depolama Sistemleri Derne\u011fi (EDS\u0130S) bas\u0131n lansman\u0131"},"content":{"rendered":"<p class=\"wp-block-paragraph\">\u00dcyesi oldu\u011fumuz Enerji Depolama Sistemleri Derne\u011fi (EDS\u0130S)'in 27.12.2023 tarihinde Ankara'da d\u00fczenledi\u011fi bas\u0131n lansman\u0131na kat\u0131l\u0131m sa\u011flad\u0131k.<\/p>","protected":false},"excerpt":{"rendered":"<p>\u00dcyesi oldu\u011fumuz Enerji Depolama Sistemleri Derne\u011fi (EDS\u0130S)'in 27.12.2023 tarihinde Ankara'da d\u00fczenledi\u011fi bas\u0131n lansman\u0131na kat\u0131l\u0131m sa\u011flad\u0131k.<\/p>","protected":false},"featured_media":6603,"template":"","meta":{"_acf_changed":false,"footnotes":""},"categories":[96],"class_list":["post-6602","news","type-news","status-publish","has-post-thumbnail","hentry","category-featured"],"acf":[],"yoast_head":"<!-- This site is optimized with the Yoast SEO plugin v28.3 - https:\/\/yoast.com\/product\/yoast-seo-wordpress\/ -->\n<title>Press launch of the Energy Storage Systems Association (EDS\u0130S) - EPRA<\/title>\n<meta name=\"robots\" content=\"index, follow, max-snippet:-1, max-image-preview:large, max-video-preview:-1\" \/>\n<link rel=\"canonical\" href=\"https:\/\/www.epra.com.tr\/tr\/news\/press-launch-of-the-energy-storage-systems-association-edsis\/\" \/>\n<meta property=\"og:locale\" content=\"tr_TR\" \/>\n<meta property=\"og:type\" content=\"article\" \/>\n<meta property=\"og:title\" content=\"Press launch of the Energy Storage Systems Association (EDS\u0130S) - EPRA\" \/>\n<meta property=\"og:description\" content=\"As a member, we participated to press launch of the Energy Storage Systems Association (EDS\u0130S) in Ankara on 27.12.2023.\" \/>\n<meta property=\"og:url\" content=\"https:\/\/www.epra.com.tr\/tr\/news\/press-launch-of-the-energy-storage-systems-association-edsis\/\" \/>\n<meta property=\"og:site_name\" content=\"EPRA\" \/>\n<meta property=\"article:modified_time\" content=\"2023-12-29T08:56:16+00:00\" \/>\n<meta property=\"og:image\" content=\"https:\/\/www.epra.com.tr\/wp-content\/uploads\/2023\/12\/edsis.jpg\" \/>\n\t<meta property=\"og:image:width\" content=\"2048\" \/>\n\t<meta property=\"og:image:height\" content=\"1365\" \/>\n\t<meta property=\"og:image:type\" content=\"image\/jpeg\" \/>\n<meta name=\"twitter:card\" content=\"summary_large_image\" \/>\n<script type=\"application\/ld+json\" class=\"yoast-schema-graph\">{\"@context\":\"https:\\\/\\\/schema.org\",\"@graph\":[{\"@type\":\"WebPage\",\"@id\":\"https:\\\/\\\/www.epra.com.tr\\\/news\\\/press-launch-of-the-energy-storage-systems-association-edsis\\\/\",\"url\":\"https:\\\/\\\/www.epra.com.tr\\\/news\\\/press-launch-of-the-energy-storage-systems-association-edsis\\\/\",\"name\":\"Press launch of the Energy Storage Systems Association (EDS\u0130S) - EPRA\",\"isPartOf\":{\"@id\":\"https:\\\/\\\/www.epra.com.tr\\\/#website\"},\"primaryImageOfPage\":{\"@id\":\"https:\\\/\\\/www.epra.com.tr\\\/news\\\/press-launch-of-the-energy-storage-systems-association-edsis\\\/#primaryimage\"},\"image\":{\"@id\":\"https:\\\/\\\/www.epra.com.tr\\\/news\\\/press-launch-of-the-energy-storage-systems-association-edsis\\\/#primaryimage\"},\"thumbnailUrl\":\"https:\\\/\\\/www.epra.com.tr\\\/wp-content\\\/uploads\\\/2023\\\/12\\\/edsis.jpg\",\"datePublished\":\"2023-12-27T08:54:53+00:00\",\"dateModified\":\"2023-12-29T08:56:16+00:00\",\"breadcrumb\":{\"@id\":\"https:\\\/\\\/www.epra.com.tr\\\/news\\\/press-launch-of-the-energy-storage-systems-association-edsis\\\/#breadcrumb\"},\"inLanguage\":\"tr\",\"potentialAction\":[{\"@type\":\"ReadAction\",\"target\":[\"https:\\\/\\\/www.epra.com.tr\\\/news\\\/press-launch-of-the-energy-storage-systems-association-edsis\\\/\"]}]},{\"@type\":\"ImageObject\",\"inLanguage\":\"tr\",\"@id\":\"https:\\\/\\\/www.epra.com.tr\\\/news\\\/press-launch-of-the-energy-storage-systems-association-edsis\\\/#primaryimage\",\"url\":\"https:\\\/\\\/www.epra.com.tr\\\/wp-content\\\/uploads\\\/2023\\\/12\\\/edsis.jpg\",\"contentUrl\":\"https:\\\/\\\/www.epra.com.tr\\\/wp-content\\\/uploads\\\/2023\\\/12\\\/edsis.jpg\",\"width\":2048,\"height\":1365},{\"@type\":\"BreadcrumbList\",\"@id\":\"https:\\\/\\\/www.epra.com.tr\\\/news\\\/press-launch-of-the-energy-storage-systems-association-edsis\\\/#breadcrumb\",\"itemListElement\":[{\"@type\":\"ListItem\",\"position\":1,\"name\":\"Home\",\"item\":\"https:\\\/\\\/www.epra.com.tr\\\/\"},{\"@type\":\"ListItem\",\"position\":2,\"name\":\"News\",\"item\":\"https:\\\/\\\/www.epra.com.tr\\\/tr\\\/news\\\/\"},{\"@type\":\"ListItem\",\"position\":3,\"name\":\"Press launch of the Energy Storage Systems Association (EDS\u0130S)\"}]},{\"@type\":\"WebSite\",\"@id\":\"https:\\\/\\\/www.epra.com.tr\\\/#website\",\"url\":\"https:\\\/\\\/www.epra.com.tr\\\/\",\"name\":\"EPRA\",\"description\":\"Electric, Power, Research, Analysis\",\"publisher\":{\"@id\":\"https:\\\/\\\/www.epra.com.tr\\\/#organization\"},\"potentialAction\":[{\"@type\":\"SearchAction\",\"target\":{\"@type\":\"EntryPoint\",\"urlTemplate\":\"https:\\\/\\\/www.epra.com.tr\\\/?s={search_term_string}\"},\"query-input\":{\"@type\":\"PropertyValueSpecification\",\"valueRequired\":true,\"valueName\":\"search_term_string\"}}],\"inLanguage\":\"tr\"},{\"@type\":\"Organization\",\"@id\":\"https:\\\/\\\/www.epra.com.tr\\\/#organization\",\"name\":\"EPRA\",\"url\":\"https:\\\/\\\/www.epra.com.tr\\\/\",\"logo\":{\"@type\":\"ImageObject\",\"inLanguage\":\"tr\",\"@id\":\"https:\\\/\\\/www.epra.com.tr\\\/#\\\/schema\\\/logo\\\/image\\\/\",\"url\":\"https:\\\/\\\/www.epra.com.tr\\\/wp-content\\\/uploads\\\/2022\\\/12\\\/logo.webp\",\"contentUrl\":\"https:\\\/\\\/www.epra.com.tr\\\/wp-content\\\/uploads\\\/2022\\\/12\\\/logo.webp\",\"width\":172,\"height\":67,\"caption\":\"EPRA\"},\"image\":{\"@id\":\"https:\\\/\\\/www.epra.com.tr\\\/#\\\/schema\\\/logo\\\/image\\\/\"}}]}<\/script>\n<!-- \/ Yoast SEO plugin. -->","yoast_head_json":{"title":"Press launch of the Energy Storage Systems Association (EDS\u0130S) - EPRA","robots":{"index":"index","follow":"follow","max-snippet":"max-snippet:-1","max-image-preview":"max-image-preview:large","max-video-preview":"max-video-preview:-1"},"canonical":"https:\/\/www.epra.com.tr\/tr\/news\/press-launch-of-the-energy-storage-systems-association-edsis\/","og_locale":"tr_TR","og_type":"article","og_title":"Press launch of the Energy Storage Systems Association (EDS\u0130S) - EPRA","og_description":"As a member, we participated to press launch of the Energy Storage Systems Association (EDS\u0130S) in Ankara on 27.12.2023.","og_url":"https:\/\/www.epra.com.tr\/tr\/news\/press-launch-of-the-energy-storage-systems-association-edsis\/","og_site_name":"EPRA","article_modified_time":"2023-12-29T08:56:16+00:00","og_image":[{"width":2048,"height":1365,"url":"https:\/\/www.epra.com.tr\/wp-content\/uploads\/2023\/12\/edsis.jpg","type":"image\/jpeg"}],"twitter_card":"summary_large_image","schema":{"@context":"https:\/\/schema.org","@graph":[{"@type":"WebPage","@id":"https:\/\/www.epra.com.tr\/news\/press-launch-of-the-energy-storage-systems-association-edsis\/","url":"https:\/\/www.epra.com.tr\/news\/press-launch-of-the-energy-storage-systems-association-edsis\/","name":"Press launch of the Energy Storage Systems Association (EDS\u0130S) - EPRA","isPartOf":{"@id":"https:\/\/www.epra.com.tr\/#website"},"primaryImageOfPage":{"@id":"https:\/\/www.epra.com.tr\/news\/press-launch-of-the-energy-storage-systems-association-edsis\/#primaryimage"},"image":{"@id":"https:\/\/www.epra.com.tr\/news\/press-launch-of-the-energy-storage-systems-association-edsis\/#primaryimage"},"thumbnailUrl":"https:\/\/www.epra.com.tr\/wp-content\/uploads\/2023\/12\/edsis.jpg","datePublished":"2023-12-27T08:54:53+00:00","dateModified":"2023-12-29T08:56:16+00:00","breadcrumb":{"@id":"https:\/\/www.epra.com.tr\/news\/press-launch-of-the-energy-storage-systems-association-edsis\/#breadcrumb"},"inLanguage":"tr","potentialAction":[{"@type":"ReadAction","target":["https:\/\/www.epra.com.tr\/news\/press-launch-of-the-energy-storage-systems-association-edsis\/"]}]},{"@type":"ImageObject","inLanguage":"tr","@id":"https:\/\/www.epra.com.tr\/news\/press-launch-of-the-energy-storage-systems-association-edsis\/#primaryimage","url":"https:\/\/www.epra.com.tr\/wp-content\/uploads\/2023\/12\/edsis.jpg","contentUrl":"https:\/\/www.epra.com.tr\/wp-content\/uploads\/2023\/12\/edsis.jpg","width":2048,"height":1365},{"@type":"BreadcrumbList","@id":"https:\/\/www.epra.com.tr\/news\/press-launch-of-the-energy-storage-systems-association-edsis\/#breadcrumb","itemListElement":[{"@type":"ListItem","position":1,"name":"Home","item":"https:\/\/www.epra.com.tr\/"},{"@type":"ListItem","position":2,"name":"News","item":"https:\/\/www.epra.com.tr\/tr\/news\/"},{"@type":"ListItem","position":3,"name":"Press launch of the Energy Storage Systems Association (EDS\u0130S)"}]},{"@type":"WebSite","@id":"https:\/\/www.epra.com.tr\/#website","url":"https:\/\/www.epra.com.tr\/","name":"EPRA","description":"Electric, Power, Research, Analysis","publisher":{"@id":"https:\/\/www.epra.com.tr\/#organization"},"potentialAction":[{"@type":"SearchAction","target":{"@type":"EntryPoint","urlTemplate":"https:\/\/www.epra.com.tr\/?s={search_term_string}"},"query-input":{"@type":"PropertyValueSpecification","valueRequired":true,"valueName":"search_term_string"}}],"inLanguage":"tr"},{"@type":"Organization","@id":"https:\/\/www.epra.com.tr\/#organization","name":"EPRA","url":"https:\/\/www.epra.com.tr\/","logo":{"@type":"ImageObject","inLanguage":"tr","@id":"https:\/\/www.epra.com.tr\/#\/schema\/logo\/image\/","url":"https:\/\/www.epra.com.tr\/wp-content\/uploads\/2022\/12\/logo.webp","contentUrl":"https:\/\/www.epra.com.tr\/wp-content\/uploads\/2022\/12\/logo.webp","width":172,"height":67,"caption":"EPRA"},"image":{"@id":"https:\/\/www.epra.com.tr\/#\/schema\/logo\/image\/"}}]}},"_links":{"self":[{"href":"https:\/\/www.epra.com.tr\/tr\/wp-json\/wp\/v2\/news\/6602","targetHints":{"allow":["GET"]}}],"collection":[{"href":"https:\/\/www.epra.com.tr\/tr\/wp-json\/wp\/v2\/news"}],"about":[{"href":"https:\/\/www.epra.com.tr\/tr\/wp-json\/wp\/v2\/types\/news"}],"version-history":[{"count":1,"href":"https:\/\/www.epra.com.tr\/tr\/wp-json\/wp\/v2\/news\/6602\/revisions"}],"predecessor-version":[{"id":6604,"href":"https:\/\/www.epra.com.tr\/tr\/wp-json\/wp\/v2\/news\/6602\/revisions\/6604"}],"wp:featuredmedia":[{"embeddable":true,"href":"https:\/\/www.epra.com.tr\/tr\/wp-json\/wp\/v2\/media\/6603"}],"wp:attachment":[{"href":"https:\/\/www.epra.com.tr\/tr\/wp-json\/wp\/v2\/media?parent=6602"}],"wp:term":[{"taxonomy":"category","embeddable":true,"href":"https:\/\/www.epra.com.tr\/tr\/wp-json\/wp\/v2\/categories?post=6602"}],"curies":[{"name":"wp","href":"https:\/\/api.w.org\/{rel}","templated":true}]}}