{"id":6495,"date":"2023-11-25T13:27:41","date_gmt":"2023-11-25T13:27:41","guid":{"rendered":"http:\/\/epra.yenileniyor.com\/?post_type=news&#038;p=6495"},"modified":"2023-11-25T13:27:42","modified_gmt":"2023-11-25T13:27:42","slug":"we-took-our-place-with-our-stand-at-turek-2023","status":"publish","type":"news","link":"https:\/\/www.epra.com.tr\/tr\/news\/we-took-our-place-with-our-stand-at-turek-2023\/","title":{"rendered":"T\u00dcREK 2023\u2019te stand\u0131m\u0131zla yerimizi ald\u0131k."},"content":{"rendered":"<p class=\"wp-block-paragraph\">12. T\u00fcrkiye R\u00fczgar Enerjisi Kongresi (T\u00dcREK)\u2018nde  stand\u0131m\u0131zla yer ald\u0131k.<\/p>\n\n\n\n<p class=\"wp-block-paragraph\">R\u00fczgar ve g\u00fcne\u015f santralleri ile depolamal\u0131 &amp; hibrit yenilenebilir santrallerin \u015febeke ba\u011flant\u0131 ve uyumluluk analizleri kapsam\u0131nda sundu\u011fumuz modelleme ve sim\u00fclasyon \u00e7\u00f6z\u00fcmlerimizi payda\u015flar\u0131m\u0131zla de\u011ferlendirdik. \n\nKongrenin en g\u00fczel haberi ise  \"Veri \u00c7\u00f6z\u00fcmleri Lideri\" \u00f6d\u00fcl\u00fcne lay\u0131k g\u00f6r\u00fclmemiz oldu. \n\nOrganizasyon i\u00e7in T\u00fcrkiye R\u00fczgar Enerjisi Birli\u011fi (T\u00dcREB)\u2019ne ve yo\u011fun ilgi g\u00f6ren stand\u0131m\u0131zda bizi ziyaret eden t\u00fcm kat\u0131l\u0131mc\u0131lara te\u015fekk\u00fcr ederiz.<\/p>\n\n\n\n<figure class=\"wp-block-gallery has-nested-images columns-default is-cropped wp-block-gallery-1 is-layout-flex wp-block-gallery-is-layout-flex\">\n<figure class=\"wp-block-image size-large\"><a href=\"http:\/\/epra.com.tr\/wp-content\/uploads\/2023\/11\/res1-scaled.jpg\"><img fetchpriority=\"high\" decoding=\"async\" width=\"1024\" height=\"768\" data-id=\"6497\" src=\"http:\/\/epra.com.tr\/wp-content\/uploads\/2023\/11\/res1-1024x768.jpg\" alt=\"\" class=\"wp-image-6497\" srcset=\"https:\/\/www.epra.com.tr\/wp-content\/uploads\/2023\/11\/res1-1024x768.jpg 1024w, https:\/\/www.epra.com.tr\/wp-content\/uploads\/2023\/11\/res1-300x225.jpg 300w, https:\/\/www.epra.com.tr\/wp-content\/uploads\/2023\/11\/res1-768x576.jpg 768w, https:\/\/www.epra.com.tr\/wp-content\/uploads\/2023\/11\/res1-1536x1152.jpg 1536w, https:\/\/www.epra.com.tr\/wp-content\/uploads\/2023\/11\/res1-2048x1536.jpg 2048w, https:\/\/www.epra.com.tr\/wp-content\/uploads\/2023\/11\/res1-16x12.jpg 16w\" sizes=\"(max-width: 1024px) 100vw, 1024px\" \/><\/a><\/figure>\n\n\n\n<figure class=\"wp-block-image size-large\"><a href=\"http:\/\/epra.com.tr\/wp-content\/uploads\/2023\/11\/res2-scaled.jpg\"><img decoding=\"async\" width=\"1024\" height=\"768\" data-id=\"6502\" src=\"http:\/\/epra.com.tr\/wp-content\/uploads\/2023\/11\/res2-1024x768.jpg\" alt=\"\" class=\"wp-image-6502\" srcset=\"https:\/\/www.epra.com.tr\/wp-content\/uploads\/2023\/11\/res2-1024x768.jpg 1024w, https:\/\/www.epra.com.tr\/wp-content\/uploads\/2023\/11\/res2-300x225.jpg 300w, https:\/\/www.epra.com.tr\/wp-content\/uploads\/2023\/11\/res2-768x576.jpg 768w, https:\/\/www.epra.com.tr\/wp-content\/uploads\/2023\/11\/res2-1536x1152.jpg 1536w, https:\/\/www.epra.com.tr\/wp-content\/uploads\/2023\/11\/res2-2048x1536.jpg 2048w, https:\/\/www.epra.com.tr\/wp-content\/uploads\/2023\/11\/res2-16x12.jpg 16w\" sizes=\"(max-width: 1024px) 100vw, 1024px\" \/><\/a><\/figure>\n\n\n\n<figure class=\"wp-block-image size-large\"><a href=\"http:\/\/epra.com.tr\/wp-content\/uploads\/2023\/11\/res3.jpg\"><img decoding=\"async\" width=\"1024\" height=\"768\" data-id=\"6498\" src=\"http:\/\/epra.com.tr\/wp-content\/uploads\/2023\/11\/res3-1024x768.jpg\" alt=\"\" class=\"wp-image-6498\" srcset=\"https:\/\/www.epra.com.tr\/wp-content\/uploads\/2023\/11\/res3-1024x768.jpg 1024w, https:\/\/www.epra.com.tr\/wp-content\/uploads\/2023\/11\/res3-300x225.jpg 300w, https:\/\/www.epra.com.tr\/wp-content\/uploads\/2023\/11\/res3-768x576.jpg 768w, https:\/\/www.epra.com.tr\/wp-content\/uploads\/2023\/11\/res3-1536x1152.jpg 1536w, https:\/\/www.epra.com.tr\/wp-content\/uploads\/2023\/11\/res3-16x12.jpg 16w, https:\/\/www.epra.com.tr\/wp-content\/uploads\/2023\/11\/res3.jpg 1600w\" sizes=\"(max-width: 1024px) 100vw, 1024px\" \/><\/a><\/figure>\n\n\n\n<figure class=\"wp-block-image size-large\"><a href=\"http:\/\/epra.com.tr\/wp-content\/uploads\/2023\/11\/res4.jpg\"><img loading=\"lazy\" decoding=\"async\" width=\"1024\" height=\"768\" data-id=\"6499\" src=\"http:\/\/epra.com.tr\/wp-content\/uploads\/2023\/11\/res4.jpg\" alt=\"\" class=\"wp-image-6499\" srcset=\"https:\/\/www.epra.com.tr\/wp-content\/uploads\/2023\/11\/res4.jpg 1024w, https:\/\/www.epra.com.tr\/wp-content\/uploads\/2023\/11\/res4-300x225.jpg 300w, https:\/\/www.epra.com.tr\/wp-content\/uploads\/2023\/11\/res4-768x576.jpg 768w, https:\/\/www.epra.com.tr\/wp-content\/uploads\/2023\/11\/res4-16x12.jpg 16w\" sizes=\"(max-width: 1024px) 100vw, 1024px\" \/><\/a><\/figure>\n\n\n\n<figure class=\"wp-block-image size-large\"><a href=\"http:\/\/epra.com.tr\/wp-content\/uploads\/2023\/11\/res5.jpg\"><img loading=\"lazy\" decoding=\"async\" width=\"768\" height=\"1024\" data-id=\"6500\" src=\"http:\/\/epra.com.tr\/wp-content\/uploads\/2023\/11\/res5-768x1024.jpg\" alt=\"\" class=\"wp-image-6500\" srcset=\"https:\/\/www.epra.com.tr\/wp-content\/uploads\/2023\/11\/res5-768x1024.jpg 768w, https:\/\/www.epra.com.tr\/wp-content\/uploads\/2023\/11\/res5-225x300.jpg 225w, https:\/\/www.epra.com.tr\/wp-content\/uploads\/2023\/11\/res5-1152x1536.jpg 1152w, https:\/\/www.epra.com.tr\/wp-content\/uploads\/2023\/11\/res5-9x12.jpg 9w, https:\/\/www.epra.com.tr\/wp-content\/uploads\/2023\/11\/res5.jpg 1536w\" sizes=\"(max-width: 768px) 100vw, 768px\" \/><\/a><\/figure>\n\n\n\n<figure class=\"wp-block-image size-large\"><a href=\"http:\/\/epra.com.tr\/wp-content\/uploads\/2023\/11\/res6.jpg\"><img loading=\"lazy\" decoding=\"async\" width=\"768\" height=\"1024\" data-id=\"6501\" src=\"http:\/\/epra.com.tr\/wp-content\/uploads\/2023\/11\/res6-768x1024.jpg\" alt=\"\" class=\"wp-image-6501\" srcset=\"https:\/\/www.epra.com.tr\/wp-content\/uploads\/2023\/11\/res6-768x1024.jpg 768w, https:\/\/www.epra.com.tr\/wp-content\/uploads\/2023\/11\/res6-225x300.jpg 225w, https:\/\/www.epra.com.tr\/wp-content\/uploads\/2023\/11\/res6-1152x1536.jpg 1152w, https:\/\/www.epra.com.tr\/wp-content\/uploads\/2023\/11\/res6-9x12.jpg 9w, https:\/\/www.epra.com.tr\/wp-content\/uploads\/2023\/11\/res6.jpg 1536w\" sizes=\"(max-width: 768px) 100vw, 768px\" \/><\/a><\/figure>\n<\/figure>","protected":false},"excerpt":{"rendered":"<p>We took part in the 12th Turkish Wind Energy Congress (T\u00dcREK) with our stand. We evaluated the modeling and simulation solutions we offer within the scope of grid connection and compatibility analyzes of wind and solar power plants and storage &amp; hybrid renewable power plants with our stakeholders. The best news of the congress was [&hellip;]<\/p>\n","protected":false},"featured_media":6496,"template":"","meta":{"_acf_changed":false,"footnotes":""},"categories":[96],"class_list":["post-6495","news","type-news","status-publish","has-post-thumbnail","hentry","category-featured"],"acf":[],"yoast_head":"<!-- This site is optimized with the Yoast SEO plugin v28.3 - https:\/\/yoast.com\/product\/yoast-seo-wordpress\/ -->\n<title>We took our place with our stand at T\u00dcREK 2023. - EPRA<\/title>\n<meta name=\"robots\" content=\"index, follow, max-snippet:-1, max-image-preview:large, max-video-preview:-1\" \/>\n<link rel=\"canonical\" href=\"https:\/\/www.epra.com.tr\/tr\/news\/we-took-our-place-with-our-stand-at-turek-2023\/\" \/>\n<meta property=\"og:locale\" content=\"tr_TR\" \/>\n<meta property=\"og:type\" content=\"article\" \/>\n<meta property=\"og:title\" content=\"We took our place with our stand at T\u00dcREK 2023. - EPRA\" \/>\n<meta property=\"og:description\" content=\"We took part in the 12th Turkish Wind Energy Congress (T\u00dcREK) with our stand. We evaluated the modeling and simulation solutions we offer within the scope of grid connection and compatibility analyzes of wind and solar power plants and storage &amp; hybrid renewable power plants with our stakeholders. The best news of the congress was [&hellip;]\" \/>\n<meta property=\"og:url\" content=\"https:\/\/www.epra.com.tr\/tr\/news\/we-took-our-place-with-our-stand-at-turek-2023\/\" \/>\n<meta property=\"og:site_name\" content=\"EPRA\" \/>\n<meta property=\"article:modified_time\" content=\"2023-11-25T13:27:42+00:00\" \/>\n<meta property=\"og:image\" content=\"https:\/\/www.epra.com.tr\/wp-content\/uploads\/2023\/11\/anaresim.jpg\" \/>\n\t<meta property=\"og:image:width\" content=\"1536\" \/>\n\t<meta property=\"og:image:height\" content=\"2048\" \/>\n\t<meta property=\"og:image:type\" content=\"image\/jpeg\" \/>\n<meta name=\"twitter:card\" content=\"summary_large_image\" \/>\n<script type=\"application\/ld+json\" class=\"yoast-schema-graph\">{\"@context\":\"https:\\\/\\\/schema.org\",\"@graph\":[{\"@type\":\"WebPage\",\"@id\":\"https:\\\/\\\/www.epra.com.tr\\\/news\\\/we-took-our-place-with-our-stand-at-turek-2023\\\/\",\"url\":\"https:\\\/\\\/www.epra.com.tr\\\/news\\\/we-took-our-place-with-our-stand-at-turek-2023\\\/\",\"name\":\"We took our place with our stand at T\u00dcREK 2023. - EPRA\",\"isPartOf\":{\"@id\":\"https:\\\/\\\/www.epra.com.tr\\\/#website\"},\"primaryImageOfPage\":{\"@id\":\"https:\\\/\\\/www.epra.com.tr\\\/news\\\/we-took-our-place-with-our-stand-at-turek-2023\\\/#primaryimage\"},\"image\":{\"@id\":\"https:\\\/\\\/www.epra.com.tr\\\/news\\\/we-took-our-place-with-our-stand-at-turek-2023\\\/#primaryimage\"},\"thumbnailUrl\":\"https:\\\/\\\/www.epra.com.tr\\\/wp-content\\\/uploads\\\/2023\\\/11\\\/anaresim.jpg\",\"datePublished\":\"2023-11-25T13:27:41+00:00\",\"dateModified\":\"2023-11-25T13:27:42+00:00\",\"breadcrumb\":{\"@id\":\"https:\\\/\\\/www.epra.com.tr\\\/news\\\/we-took-our-place-with-our-stand-at-turek-2023\\\/#breadcrumb\"},\"inLanguage\":\"tr\",\"potentialAction\":[{\"@type\":\"ReadAction\",\"target\":[\"https:\\\/\\\/www.epra.com.tr\\\/news\\\/we-took-our-place-with-our-stand-at-turek-2023\\\/\"]}]},{\"@type\":\"ImageObject\",\"inLanguage\":\"tr\",\"@id\":\"https:\\\/\\\/www.epra.com.tr\\\/news\\\/we-took-our-place-with-our-stand-at-turek-2023\\\/#primaryimage\",\"url\":\"https:\\\/\\\/www.epra.com.tr\\\/wp-content\\\/uploads\\\/2023\\\/11\\\/anaresim.jpg\",\"contentUrl\":\"https:\\\/\\\/www.epra.com.tr\\\/wp-content\\\/uploads\\\/2023\\\/11\\\/anaresim.jpg\",\"width\":1536,\"height\":2048},{\"@type\":\"BreadcrumbList\",\"@id\":\"https:\\\/\\\/www.epra.com.tr\\\/news\\\/we-took-our-place-with-our-stand-at-turek-2023\\\/#breadcrumb\",\"itemListElement\":[{\"@type\":\"ListItem\",\"position\":1,\"name\":\"Home\",\"item\":\"https:\\\/\\\/www.epra.com.tr\\\/\"},{\"@type\":\"ListItem\",\"position\":2,\"name\":\"News\",\"item\":\"https:\\\/\\\/www.epra.com.tr\\\/tr\\\/news\\\/\"},{\"@type\":\"ListItem\",\"position\":3,\"name\":\"We took our place with our stand at T\u00dcREK 2023.\"}]},{\"@type\":\"WebSite\",\"@id\":\"https:\\\/\\\/www.epra.com.tr\\\/#website\",\"url\":\"https:\\\/\\\/www.epra.com.tr\\\/\",\"name\":\"EPRA\",\"description\":\"Electric, Power, Research, Analysis\",\"publisher\":{\"@id\":\"https:\\\/\\\/www.epra.com.tr\\\/#organization\"},\"potentialAction\":[{\"@type\":\"SearchAction\",\"target\":{\"@type\":\"EntryPoint\",\"urlTemplate\":\"https:\\\/\\\/www.epra.com.tr\\\/?s={search_term_string}\"},\"query-input\":{\"@type\":\"PropertyValueSpecification\",\"valueRequired\":true,\"valueName\":\"search_term_string\"}}],\"inLanguage\":\"tr\"},{\"@type\":\"Organization\",\"@id\":\"https:\\\/\\\/www.epra.com.tr\\\/#organization\",\"name\":\"EPRA\",\"url\":\"https:\\\/\\\/www.epra.com.tr\\\/\",\"logo\":{\"@type\":\"ImageObject\",\"inLanguage\":\"tr\",\"@id\":\"https:\\\/\\\/www.epra.com.tr\\\/#\\\/schema\\\/logo\\\/image\\\/\",\"url\":\"https:\\\/\\\/www.epra.com.tr\\\/wp-content\\\/uploads\\\/2022\\\/12\\\/logo.webp\",\"contentUrl\":\"https:\\\/\\\/www.epra.com.tr\\\/wp-content\\\/uploads\\\/2022\\\/12\\\/logo.webp\",\"width\":172,\"height\":67,\"caption\":\"EPRA\"},\"image\":{\"@id\":\"https:\\\/\\\/www.epra.com.tr\\\/#\\\/schema\\\/logo\\\/image\\\/\"}}]}<\/script>\n<!-- \/ Yoast SEO plugin. -->","yoast_head_json":{"title":"We took our place with our stand at T\u00dcREK 2023. - EPRA","robots":{"index":"index","follow":"follow","max-snippet":"max-snippet:-1","max-image-preview":"max-image-preview:large","max-video-preview":"max-video-preview:-1"},"canonical":"https:\/\/www.epra.com.tr\/tr\/news\/we-took-our-place-with-our-stand-at-turek-2023\/","og_locale":"tr_TR","og_type":"article","og_title":"We took our place with our stand at T\u00dcREK 2023. - EPRA","og_description":"We took part in the 12th Turkish Wind Energy Congress (T\u00dcREK) with our stand. We evaluated the modeling and simulation solutions we offer within the scope of grid connection and compatibility analyzes of wind and solar power plants and storage &amp; hybrid renewable power plants with our stakeholders. The best news of the congress was [&hellip;]","og_url":"https:\/\/www.epra.com.tr\/tr\/news\/we-took-our-place-with-our-stand-at-turek-2023\/","og_site_name":"EPRA","article_modified_time":"2023-11-25T13:27:42+00:00","og_image":[{"width":1536,"height":2048,"url":"https:\/\/www.epra.com.tr\/wp-content\/uploads\/2023\/11\/anaresim.jpg","type":"image\/jpeg"}],"twitter_card":"summary_large_image","schema":{"@context":"https:\/\/schema.org","@graph":[{"@type":"WebPage","@id":"https:\/\/www.epra.com.tr\/news\/we-took-our-place-with-our-stand-at-turek-2023\/","url":"https:\/\/www.epra.com.tr\/news\/we-took-our-place-with-our-stand-at-turek-2023\/","name":"We took our place with our stand at T\u00dcREK 2023. - EPRA","isPartOf":{"@id":"https:\/\/www.epra.com.tr\/#website"},"primaryImageOfPage":{"@id":"https:\/\/www.epra.com.tr\/news\/we-took-our-place-with-our-stand-at-turek-2023\/#primaryimage"},"image":{"@id":"https:\/\/www.epra.com.tr\/news\/we-took-our-place-with-our-stand-at-turek-2023\/#primaryimage"},"thumbnailUrl":"https:\/\/www.epra.com.tr\/wp-content\/uploads\/2023\/11\/anaresim.jpg","datePublished":"2023-11-25T13:27:41+00:00","dateModified":"2023-11-25T13:27:42+00:00","breadcrumb":{"@id":"https:\/\/www.epra.com.tr\/news\/we-took-our-place-with-our-stand-at-turek-2023\/#breadcrumb"},"inLanguage":"tr","potentialAction":[{"@type":"ReadAction","target":["https:\/\/www.epra.com.tr\/news\/we-took-our-place-with-our-stand-at-turek-2023\/"]}]},{"@type":"ImageObject","inLanguage":"tr","@id":"https:\/\/www.epra.com.tr\/news\/we-took-our-place-with-our-stand-at-turek-2023\/#primaryimage","url":"https:\/\/www.epra.com.tr\/wp-content\/uploads\/2023\/11\/anaresim.jpg","contentUrl":"https:\/\/www.epra.com.tr\/wp-content\/uploads\/2023\/11\/anaresim.jpg","width":1536,"height":2048},{"@type":"BreadcrumbList","@id":"https:\/\/www.epra.com.tr\/news\/we-took-our-place-with-our-stand-at-turek-2023\/#breadcrumb","itemListElement":[{"@type":"ListItem","position":1,"name":"Home","item":"https:\/\/www.epra.com.tr\/"},{"@type":"ListItem","position":2,"name":"News","item":"https:\/\/www.epra.com.tr\/tr\/news\/"},{"@type":"ListItem","position":3,"name":"We took our place with our stand at T\u00dcREK 2023."}]},{"@type":"WebSite","@id":"https:\/\/www.epra.com.tr\/#website","url":"https:\/\/www.epra.com.tr\/","name":"EPRA","description":"Electric, Power, Research, Analysis","publisher":{"@id":"https:\/\/www.epra.com.tr\/#organization"},"potentialAction":[{"@type":"SearchAction","target":{"@type":"EntryPoint","urlTemplate":"https:\/\/www.epra.com.tr\/?s={search_term_string}"},"query-input":{"@type":"PropertyValueSpecification","valueRequired":true,"valueName":"search_term_string"}}],"inLanguage":"tr"},{"@type":"Organization","@id":"https:\/\/www.epra.com.tr\/#organization","name":"EPRA","url":"https:\/\/www.epra.com.tr\/","logo":{"@type":"ImageObject","inLanguage":"tr","@id":"https:\/\/www.epra.com.tr\/#\/schema\/logo\/image\/","url":"https:\/\/www.epra.com.tr\/wp-content\/uploads\/2022\/12\/logo.webp","contentUrl":"https:\/\/www.epra.com.tr\/wp-content\/uploads\/2022\/12\/logo.webp","width":172,"height":67,"caption":"EPRA"},"image":{"@id":"https:\/\/www.epra.com.tr\/#\/schema\/logo\/image\/"}}]}},"_links":{"self":[{"href":"https:\/\/www.epra.com.tr\/tr\/wp-json\/wp\/v2\/news\/6495","targetHints":{"allow":["GET"]}}],"collection":[{"href":"https:\/\/www.epra.com.tr\/tr\/wp-json\/wp\/v2\/news"}],"about":[{"href":"https:\/\/www.epra.com.tr\/tr\/wp-json\/wp\/v2\/types\/news"}],"version-history":[{"count":1,"href":"https:\/\/www.epra.com.tr\/tr\/wp-json\/wp\/v2\/news\/6495\/revisions"}],"predecessor-version":[{"id":6503,"href":"https:\/\/www.epra.com.tr\/tr\/wp-json\/wp\/v2\/news\/6495\/revisions\/6503"}],"wp:featuredmedia":[{"embeddable":true,"href":"https:\/\/www.epra.com.tr\/tr\/wp-json\/wp\/v2\/media\/6496"}],"wp:attachment":[{"href":"https:\/\/www.epra.com.tr\/tr\/wp-json\/wp\/v2\/media?parent=6495"}],"wp:term":[{"taxonomy":"category","embeddable":true,"href":"https:\/\/www.epra.com.tr\/tr\/wp-json\/wp\/v2\/categories?post=6495"}],"curies":[{"name":"wp","href":"https:\/\/api.w.org\/{rel}","templated":true}]}}