{"id":6461,"date":"2023-10-26T14:45:58","date_gmt":"2023-10-26T14:45:58","guid":{"rendered":"http:\/\/epra.yenileniyor.com\/?post_type=news&#038;p=6461"},"modified":"2023-10-28T14:48:52","modified_gmt":"2023-10-28T14:48:52","slug":"we-participated-to-the-5-turkish-german-energy-forum-in-ankara","status":"publish","type":"news","link":"https:\/\/www.epra.com.tr\/tr\/news\/we-participated-to-the-5-turkish-german-energy-forum-in-ankara\/","title":{"rendered":"Ankara'da d\u00fczenlenen 5. T\u00fcrk-Alman Enerji Forumuna kat\u0131ld\u0131k"},"content":{"rendered":"<p class=\"wp-block-paragraph\">\u0130klim a\u00e7\u0131s\u0131ndan n\u00f6tr bir enerji sistemine ge\u00e7i\u015f konusunda i\u015f birli\u011fini g\u00fc\u00e7lendirmek ve ortak projeler geli\u015ftirme ba\u015fl\u0131\u011f\u0131yla bu y\u0131l Ankara'da ger\u00e7ekle\u015ftirilen 5. T\u00fcrk-Alman Enerji Forumuna kat\u0131l\u0131m sa\u011flad\u0131k.<\/p>\n\n\n\n<figure class=\"wp-block-gallery has-nested-images columns-default is-cropped wp-block-gallery-1 is-layout-flex wp-block-gallery-is-layout-flex\">\n<figure class=\"wp-block-image size-large\"><a href=\"http:\/\/epra.com.tr\/wp-content\/uploads\/2023\/10\/IMG_0291-scaled.jpeg\"><img fetchpriority=\"high\" decoding=\"async\" width=\"768\" height=\"1024\" data-id=\"6462\" src=\"http:\/\/epra.com.tr\/wp-content\/uploads\/2023\/10\/IMG_0291-768x1024.jpeg\" alt=\"\" class=\"wp-image-6462\" srcset=\"https:\/\/www.epra.com.tr\/wp-content\/uploads\/2023\/10\/IMG_0291-768x1024.jpeg 768w, https:\/\/www.epra.com.tr\/wp-content\/uploads\/2023\/10\/IMG_0291-225x300.jpeg 225w, https:\/\/www.epra.com.tr\/wp-content\/uploads\/2023\/10\/IMG_0291-1152x1536.jpeg 1152w, https:\/\/www.epra.com.tr\/wp-content\/uploads\/2023\/10\/IMG_0291-1536x2048.jpeg 1536w, https:\/\/www.epra.com.tr\/wp-content\/uploads\/2023\/10\/IMG_0291-9x12.jpeg 9w, https:\/\/www.epra.com.tr\/wp-content\/uploads\/2023\/10\/IMG_0291-scaled.jpeg 1920w\" sizes=\"(max-width: 768px) 100vw, 768px\" \/><\/a><\/figure>\n\n\n\n<figure class=\"wp-block-image size-large\"><a href=\"http:\/\/epra.com.tr\/wp-content\/uploads\/2023\/10\/IMG_0297-scaled.jpeg\"><img decoding=\"async\" width=\"1024\" height=\"768\" data-id=\"6463\" src=\"http:\/\/epra.com.tr\/wp-content\/uploads\/2023\/10\/IMG_0297-1024x768.jpeg\" alt=\"\" class=\"wp-image-6463\" srcset=\"https:\/\/www.epra.com.tr\/wp-content\/uploads\/2023\/10\/IMG_0297-1024x768.jpeg 1024w, https:\/\/www.epra.com.tr\/wp-content\/uploads\/2023\/10\/IMG_0297-300x225.jpeg 300w, https:\/\/www.epra.com.tr\/wp-content\/uploads\/2023\/10\/IMG_0297-768x576.jpeg 768w, https:\/\/www.epra.com.tr\/wp-content\/uploads\/2023\/10\/IMG_0297-1536x1152.jpeg 1536w, https:\/\/www.epra.com.tr\/wp-content\/uploads\/2023\/10\/IMG_0297-2048x1536.jpeg 2048w, https:\/\/www.epra.com.tr\/wp-content\/uploads\/2023\/10\/IMG_0297-16x12.jpeg 16w\" sizes=\"(max-width: 1024px) 100vw, 1024px\" \/><\/a><\/figure>\n<\/figure>","protected":false},"excerpt":{"rendered":"<p>\u0130klim a\u00e7\u0131s\u0131ndan n\u00f6tr bir enerji sistemine ge\u00e7i\u015f konusunda i\u015f birli\u011fini g\u00fc\u00e7lendirmek ve ortak projeler geli\u015ftirme ba\u015fl\u0131\u011f\u0131yla bu y\u0131l Ankara'da ger\u00e7ekle\u015ftirilen 5. T\u00fcrk-Alman Enerji Forumuna kat\u0131l\u0131m sa\u011flad\u0131k.<\/p>","protected":false},"featured_media":6462,"template":"","meta":{"_acf_changed":false,"footnotes":""},"categories":[96],"class_list":["post-6461","news","type-news","status-publish","has-post-thumbnail","hentry","category-featured"],"acf":[],"yoast_head":"<!-- This site is optimized with the Yoast SEO plugin v28.3 - https:\/\/yoast.com\/product\/yoast-seo-wordpress\/ -->\n<title>We participated to the 5. Turkish-German Energy Forum in Ankara - EPRA<\/title>\n<meta name=\"robots\" content=\"index, follow, max-snippet:-1, max-image-preview:large, max-video-preview:-1\" \/>\n<link rel=\"canonical\" href=\"https:\/\/www.epra.com.tr\/tr\/news\/we-participated-to-the-5-turkish-german-energy-forum-in-ankara\/\" \/>\n<meta property=\"og:locale\" content=\"tr_TR\" \/>\n<meta property=\"og:type\" content=\"article\" \/>\n<meta property=\"og:title\" content=\"We participated to the 5. Turkish-German Energy Forum in Ankara - EPRA\" \/>\n<meta property=\"og:description\" content=\"We participated to the 5. Turkish-German Energy Forum held in Ankara this year with the aim of strengthening cooperation on the transition to a climate-neutral energy system and developing joint projects.\" \/>\n<meta property=\"og:url\" content=\"https:\/\/www.epra.com.tr\/tr\/news\/we-participated-to-the-5-turkish-german-energy-forum-in-ankara\/\" \/>\n<meta property=\"og:site_name\" content=\"EPRA\" \/>\n<meta property=\"article:modified_time\" content=\"2023-10-28T14:48:52+00:00\" \/>\n<meta property=\"og:image\" content=\"https:\/\/www.epra.com.tr\/wp-content\/uploads\/2023\/10\/IMG_0291-scaled.jpeg\" \/>\n\t<meta property=\"og:image:width\" content=\"1920\" \/>\n\t<meta property=\"og:image:height\" content=\"2560\" \/>\n\t<meta property=\"og:image:type\" content=\"image\/jpeg\" \/>\n<meta name=\"twitter:card\" content=\"summary_large_image\" \/>\n<script type=\"application\/ld+json\" class=\"yoast-schema-graph\">{\"@context\":\"https:\\\/\\\/schema.org\",\"@graph\":[{\"@type\":\"WebPage\",\"@id\":\"https:\\\/\\\/www.epra.com.tr\\\/news\\\/we-participated-to-the-5-turkish-german-energy-forum-in-ankara\\\/\",\"url\":\"https:\\\/\\\/www.epra.com.tr\\\/news\\\/we-participated-to-the-5-turkish-german-energy-forum-in-ankara\\\/\",\"name\":\"We participated to the 5. Turkish-German Energy Forum in Ankara - EPRA\",\"isPartOf\":{\"@id\":\"https:\\\/\\\/www.epra.com.tr\\\/#website\"},\"primaryImageOfPage\":{\"@id\":\"https:\\\/\\\/www.epra.com.tr\\\/news\\\/we-participated-to-the-5-turkish-german-energy-forum-in-ankara\\\/#primaryimage\"},\"image\":{\"@id\":\"https:\\\/\\\/www.epra.com.tr\\\/news\\\/we-participated-to-the-5-turkish-german-energy-forum-in-ankara\\\/#primaryimage\"},\"thumbnailUrl\":\"https:\\\/\\\/www.epra.com.tr\\\/wp-content\\\/uploads\\\/2023\\\/10\\\/IMG_0291-scaled.jpeg\",\"datePublished\":\"2023-10-26T14:45:58+00:00\",\"dateModified\":\"2023-10-28T14:48:52+00:00\",\"breadcrumb\":{\"@id\":\"https:\\\/\\\/www.epra.com.tr\\\/news\\\/we-participated-to-the-5-turkish-german-energy-forum-in-ankara\\\/#breadcrumb\"},\"inLanguage\":\"tr\",\"potentialAction\":[{\"@type\":\"ReadAction\",\"target\":[\"https:\\\/\\\/www.epra.com.tr\\\/news\\\/we-participated-to-the-5-turkish-german-energy-forum-in-ankara\\\/\"]}]},{\"@type\":\"ImageObject\",\"inLanguage\":\"tr\",\"@id\":\"https:\\\/\\\/www.epra.com.tr\\\/news\\\/we-participated-to-the-5-turkish-german-energy-forum-in-ankara\\\/#primaryimage\",\"url\":\"https:\\\/\\\/www.epra.com.tr\\\/wp-content\\\/uploads\\\/2023\\\/10\\\/IMG_0291-scaled.jpeg\",\"contentUrl\":\"https:\\\/\\\/www.epra.com.tr\\\/wp-content\\\/uploads\\\/2023\\\/10\\\/IMG_0291-scaled.jpeg\",\"width\":1920,\"height\":2560},{\"@type\":\"BreadcrumbList\",\"@id\":\"https:\\\/\\\/www.epra.com.tr\\\/news\\\/we-participated-to-the-5-turkish-german-energy-forum-in-ankara\\\/#breadcrumb\",\"itemListElement\":[{\"@type\":\"ListItem\",\"position\":1,\"name\":\"Home\",\"item\":\"https:\\\/\\\/www.epra.com.tr\\\/\"},{\"@type\":\"ListItem\",\"position\":2,\"name\":\"News\",\"item\":\"https:\\\/\\\/www.epra.com.tr\\\/tr\\\/news\\\/\"},{\"@type\":\"ListItem\",\"position\":3,\"name\":\"We participated to the 5. Turkish-German Energy Forum in Ankara\"}]},{\"@type\":\"WebSite\",\"@id\":\"https:\\\/\\\/www.epra.com.tr\\\/#website\",\"url\":\"https:\\\/\\\/www.epra.com.tr\\\/\",\"name\":\"EPRA\",\"description\":\"Electric, Power, Research, Analysis\",\"publisher\":{\"@id\":\"https:\\\/\\\/www.epra.com.tr\\\/#organization\"},\"potentialAction\":[{\"@type\":\"SearchAction\",\"target\":{\"@type\":\"EntryPoint\",\"urlTemplate\":\"https:\\\/\\\/www.epra.com.tr\\\/?s={search_term_string}\"},\"query-input\":{\"@type\":\"PropertyValueSpecification\",\"valueRequired\":true,\"valueName\":\"search_term_string\"}}],\"inLanguage\":\"tr\"},{\"@type\":\"Organization\",\"@id\":\"https:\\\/\\\/www.epra.com.tr\\\/#organization\",\"name\":\"EPRA\",\"url\":\"https:\\\/\\\/www.epra.com.tr\\\/\",\"logo\":{\"@type\":\"ImageObject\",\"inLanguage\":\"tr\",\"@id\":\"https:\\\/\\\/www.epra.com.tr\\\/#\\\/schema\\\/logo\\\/image\\\/\",\"url\":\"https:\\\/\\\/www.epra.com.tr\\\/wp-content\\\/uploads\\\/2022\\\/12\\\/logo.webp\",\"contentUrl\":\"https:\\\/\\\/www.epra.com.tr\\\/wp-content\\\/uploads\\\/2022\\\/12\\\/logo.webp\",\"width\":172,\"height\":67,\"caption\":\"EPRA\"},\"image\":{\"@id\":\"https:\\\/\\\/www.epra.com.tr\\\/#\\\/schema\\\/logo\\\/image\\\/\"}}]}<\/script>\n<!-- \/ Yoast SEO plugin. -->","yoast_head_json":{"title":"We participated to the 5. Turkish-German Energy Forum in Ankara - EPRA","robots":{"index":"index","follow":"follow","max-snippet":"max-snippet:-1","max-image-preview":"max-image-preview:large","max-video-preview":"max-video-preview:-1"},"canonical":"https:\/\/www.epra.com.tr\/tr\/news\/we-participated-to-the-5-turkish-german-energy-forum-in-ankara\/","og_locale":"tr_TR","og_type":"article","og_title":"We participated to the 5. Turkish-German Energy Forum in Ankara - EPRA","og_description":"We participated to the 5. Turkish-German Energy Forum held in Ankara this year with the aim of strengthening cooperation on the transition to a climate-neutral energy system and developing joint projects.","og_url":"https:\/\/www.epra.com.tr\/tr\/news\/we-participated-to-the-5-turkish-german-energy-forum-in-ankara\/","og_site_name":"EPRA","article_modified_time":"2023-10-28T14:48:52+00:00","og_image":[{"width":1920,"height":2560,"url":"https:\/\/www.epra.com.tr\/wp-content\/uploads\/2023\/10\/IMG_0291-scaled.jpeg","type":"image\/jpeg"}],"twitter_card":"summary_large_image","schema":{"@context":"https:\/\/schema.org","@graph":[{"@type":"WebPage","@id":"https:\/\/www.epra.com.tr\/news\/we-participated-to-the-5-turkish-german-energy-forum-in-ankara\/","url":"https:\/\/www.epra.com.tr\/news\/we-participated-to-the-5-turkish-german-energy-forum-in-ankara\/","name":"We participated to the 5. Turkish-German Energy Forum in Ankara - EPRA","isPartOf":{"@id":"https:\/\/www.epra.com.tr\/#website"},"primaryImageOfPage":{"@id":"https:\/\/www.epra.com.tr\/news\/we-participated-to-the-5-turkish-german-energy-forum-in-ankara\/#primaryimage"},"image":{"@id":"https:\/\/www.epra.com.tr\/news\/we-participated-to-the-5-turkish-german-energy-forum-in-ankara\/#primaryimage"},"thumbnailUrl":"https:\/\/www.epra.com.tr\/wp-content\/uploads\/2023\/10\/IMG_0291-scaled.jpeg","datePublished":"2023-10-26T14:45:58+00:00","dateModified":"2023-10-28T14:48:52+00:00","breadcrumb":{"@id":"https:\/\/www.epra.com.tr\/news\/we-participated-to-the-5-turkish-german-energy-forum-in-ankara\/#breadcrumb"},"inLanguage":"tr","potentialAction":[{"@type":"ReadAction","target":["https:\/\/www.epra.com.tr\/news\/we-participated-to-the-5-turkish-german-energy-forum-in-ankara\/"]}]},{"@type":"ImageObject","inLanguage":"tr","@id":"https:\/\/www.epra.com.tr\/news\/we-participated-to-the-5-turkish-german-energy-forum-in-ankara\/#primaryimage","url":"https:\/\/www.epra.com.tr\/wp-content\/uploads\/2023\/10\/IMG_0291-scaled.jpeg","contentUrl":"https:\/\/www.epra.com.tr\/wp-content\/uploads\/2023\/10\/IMG_0291-scaled.jpeg","width":1920,"height":2560},{"@type":"BreadcrumbList","@id":"https:\/\/www.epra.com.tr\/news\/we-participated-to-the-5-turkish-german-energy-forum-in-ankara\/#breadcrumb","itemListElement":[{"@type":"ListItem","position":1,"name":"Home","item":"https:\/\/www.epra.com.tr\/"},{"@type":"ListItem","position":2,"name":"News","item":"https:\/\/www.epra.com.tr\/tr\/news\/"},{"@type":"ListItem","position":3,"name":"We participated to the 5. Turkish-German Energy Forum in Ankara"}]},{"@type":"WebSite","@id":"https:\/\/www.epra.com.tr\/#website","url":"https:\/\/www.epra.com.tr\/","name":"EPRA","description":"Electric, Power, Research, Analysis","publisher":{"@id":"https:\/\/www.epra.com.tr\/#organization"},"potentialAction":[{"@type":"SearchAction","target":{"@type":"EntryPoint","urlTemplate":"https:\/\/www.epra.com.tr\/?s={search_term_string}"},"query-input":{"@type":"PropertyValueSpecification","valueRequired":true,"valueName":"search_term_string"}}],"inLanguage":"tr"},{"@type":"Organization","@id":"https:\/\/www.epra.com.tr\/#organization","name":"EPRA","url":"https:\/\/www.epra.com.tr\/","logo":{"@type":"ImageObject","inLanguage":"tr","@id":"https:\/\/www.epra.com.tr\/#\/schema\/logo\/image\/","url":"https:\/\/www.epra.com.tr\/wp-content\/uploads\/2022\/12\/logo.webp","contentUrl":"https:\/\/www.epra.com.tr\/wp-content\/uploads\/2022\/12\/logo.webp","width":172,"height":67,"caption":"EPRA"},"image":{"@id":"https:\/\/www.epra.com.tr\/#\/schema\/logo\/image\/"}}]}},"_links":{"self":[{"href":"https:\/\/www.epra.com.tr\/tr\/wp-json\/wp\/v2\/news\/6461","targetHints":{"allow":["GET"]}}],"collection":[{"href":"https:\/\/www.epra.com.tr\/tr\/wp-json\/wp\/v2\/news"}],"about":[{"href":"https:\/\/www.epra.com.tr\/tr\/wp-json\/wp\/v2\/types\/news"}],"version-history":[{"count":1,"href":"https:\/\/www.epra.com.tr\/tr\/wp-json\/wp\/v2\/news\/6461\/revisions"}],"predecessor-version":[{"id":6464,"href":"https:\/\/www.epra.com.tr\/tr\/wp-json\/wp\/v2\/news\/6461\/revisions\/6464"}],"wp:featuredmedia":[{"embeddable":true,"href":"https:\/\/www.epra.com.tr\/tr\/wp-json\/wp\/v2\/media\/6462"}],"wp:attachment":[{"href":"https:\/\/www.epra.com.tr\/tr\/wp-json\/wp\/v2\/media?parent=6461"}],"wp:term":[{"taxonomy":"category","embeddable":true,"href":"https:\/\/www.epra.com.tr\/tr\/wp-json\/wp\/v2\/categories?post=6461"}],"curies":[{"name":"wp","href":"https:\/\/api.w.org\/{rel}","templated":true}]}}